{"id":7646,"global_id":"rcbp.org?id=7646","global_id_lineage":["rcbp.org?id=7646"],"author":"1","status":"publish","date":"2025-09-27 18:21:51","date_utc":"2025-09-27 16:21:51","modified":"2025-10-15 11:11:25","modified_utc":"2025-10-15 09:11:25","url":"https:\/\/rcbp.org\/?tribe_events=jueves-6-noviembre-2025-conferencia-bruno-ryff-exconsul-de-suiza","rest_url":"https:\/\/rcbp.org\/index.php?rest_route=\/tribe\/events\/v1\/events\/7646","title":"Jueves 6 noviembre 2025 Conferencia Bruno Ryff, exc\u00f3nsul general de Suiza","description":"<p>Tendremos el honor de recibir al exc\u00f3nsul general de Suiza en Barcelona, el Sr. Bruno Ryff, quien nos ofrecer\u00e1 una charla con el t\u00edtulo \u00abPorque despues de toda una vida de diplom\u00e1tico me he decidido por Catalunya\u00bb. Invitado por Carlos Wienberg.<\/p>\n<p>Reuni\u00f3n conjunta con los compa\u00f1eros del Rotary Club de Barcelona Europa.<\/p>","excerpt":"","slug":"jueves-6-noviembre-2025-conferencia-bruno-ryff-exconsul-de-suiza","image":{"url":"https:\/\/rcbp.org\/wp-content\/uploads\/2025\/09\/Bruno-Ryff.jpg","id":7693,"extension":"jpg","width":500,"height":364,"filesize":35015,"sizes":{"medium":{"width":300,"height":218,"mime-type":"image\/jpeg","filesize":10657,"url":"https:\/\/rcbp.org\/wp-content\/uploads\/2025\/09\/Bruno-Ryff-300x218.jpg"},"thumbnail":{"width":290,"height":290,"mime-type":"image\/jpeg","filesize":11842,"url":"https:\/\/rcbp.org\/wp-content\/uploads\/2025\/09\/Bruno-Ryff-290x290.jpg"},"pearl-img-335-170":{"width":335,"height":170,"mime-type":"image\/jpeg","filesize":9786,"url":"https:\/\/rcbp.org\/wp-content\/uploads\/2025\/09\/Bruno-Ryff-335x170.jpg"},"pearl-img-1000-1000":{"width":450,"height":364,"mime-type":"image\/jpeg","filesize":22428,"url":"https:\/\/rcbp.org\/wp-content\/uploads\/2025\/09\/Bruno-Ryff-450x364.jpg"},"pearl-img-348-248":{"width":348,"height":248,"mime-type":"image\/jpeg","filesize":12996,"url":"https:\/\/rcbp.org\/wp-content\/uploads\/2025\/09\/Bruno-Ryff-348x248.jpg"},"pearl-img-80-80":{"width":370,"height":364,"mime-type":"image\/jpeg","filesize":19145,"url":"https:\/\/rcbp.org\/wp-content\/uploads\/2025\/09\/Bruno-Ryff-370x364.jpg"}}},"all_day":false,"start_date":"2025-11-06 14:00:00","start_date_details":{"year":"2025","month":"11","day":"06","hour":"14","minutes":"00","seconds":"00"},"end_date":"2025-11-06 16:00:00","end_date_details":{"year":"2025","month":"11","day":"06","hour":"16","minutes":"00","seconds":"00"},"utc_start_date":"2025-11-06 13:00:00","utc_start_date_details":{"year":"2025","month":"11","day":"06","hour":"13","minutes":"00","seconds":"00"},"utc_end_date":"2025-11-06 15:00:00","utc_end_date_details":{"year":"2025","month":"11","day":"06","hour":"15","minutes":"00","seconds":"00"},"timezone":"Europe\/Madrid","timezone_abbr":"CET","cost":"\u20ac50","cost_details":{"currency_symbol":"","currency_code":"\u20ac","currency_position":"prefix","values":["50"]},"website":"","show_map":true,"show_map_link":true,"hide_from_listings":false,"sticky":false,"featured":false,"categories":[{"name":"Reuni\u00f3n semanal","slug":"reunion-semanal","term_group":0,"term_taxonomy_id":52,"taxonomy":"tribe_events_cat","description":"","parent":0,"count":76,"filter":"raw","id":52,"urls":{"self":"https:\/\/rcbp.org\/index.php?rest_route=\/tribe\/events\/v1\/categories\/52","collection":"https:\/\/rcbp.org\/index.php?rest_route=\/tribe\/events\/v1\/categories"}}],"tags":[],"venue":{"id":6625,"author":"1","status":"publish","date":"2022-11-10 22:25:34","date_utc":"2022-11-10 21:25:34","modified":"2022-11-10 22:25:34","modified_utc":"2022-11-10 21:25:34","url":"https:\/\/rcbp.org\/?tribe_venue=restaurante-chalet-real-club-de-polo-2","venue":"Restaurante Chalet, Real Club de Polo","slug":"restaurante-chalet-real-club-de-polo-2","json_ld":{"@type":"Place","name":"Restaurante Chalet, Real Club de Polo","description":"","url":"","address":{"@type":"PostalAddress"},"telephone":"","sameAs":""},"show_map":true,"show_map_link":true,"global_id":"rcbp.org?id=6625","global_id_lineage":["rcbp.org?id=6625"]},"organizer":[{"id":6312,"author":"1","status":"publish","date":"2022-06-26 08:04:56","date_utc":"2022-06-26 06:04:56","modified":"2022-06-26 08:04:56","modified_utc":"2022-06-26 06:04:56","url":"https:\/\/rcbp.org\/?tribe_organizer=rotary-club-de-barcelona-pedralbes","organizer":"Rotary Club de Barcelona Pedralbes","slug":"rotary-club-de-barcelona-pedralbes","phone":"+34 639 32 73 27","website":"www.rcbp.org","email":"rotary_pedralbes@yahoo.es","json_ld":{"@type":"Person","name":"Rotary Club de Barcelona Pedralbes","description":"","url":"http:\/\/www.rcbp.org","telephone":"+34 639 32 73 27","email":"&#114;ot&#97;&#114;&#121;_p&#101;dr&#97;&#108;be&#115;&#64;&#121;&#97;&#104;oo&#46;&#101;&#115;","sameAs":"http:\/\/www.rcbp.org"},"global_id":"rcbp.org?id=6312","global_id_lineage":["rcbp.org?id=6312"]}],"custom_fields":[],"json_ld":{"@context":"http:\/\/schema.org","@type":"Event","name":"Jueves 6 noviembre 2025 Conferencia Bruno Ryff, exc\u00f3nsul general de Suiza","description":"&lt;p&gt;Tendremos el honor de recibir al exc\u00f3nsul general de Suiza en Barcelona, el Sr. Bruno Ryff, quien nos ofrecer\u00e1 una charla con el t\u00edtulo &quot;Porque despues de toda una vida...&lt;\/p&gt;\\n","image":"https:\/\/rcbp.org\/wp-content\/uploads\/2025\/09\/Bruno-Ryff.jpg","url":"https:\/\/rcbp.org\/?tribe_events=jueves-6-noviembre-2025-conferencia-bruno-ryff-exconsul-de-suiza","eventAttendanceMode":"https:\/\/schema.org\/OfflineEventAttendanceMode","eventStatus":"https:\/\/schema.org\/EventScheduled","startDate":"2025-11-06T14:00:00+01:00","endDate":"2025-11-06T16:00:00+01:00","location":{"@type":"Place","name":"Restaurante Chalet, Real Club de Polo","description":"","url":"","address":{"@type":"PostalAddress"},"telephone":"","sameAs":""},"organizer":{"@type":"Person","name":"Rotary Club de Barcelona Pedralbes","description":"","url":"http:\/\/www.rcbp.org","telephone":"+34 639 32 73 27","email":"&#114;o&#116;ar&#121;_p&#101;dr&#97;&#108;be&#115;&#64;&#121;a&#104;&#111;o.es","sameAs":"http:\/\/www.rcbp.org"},"offers":{"@type":"Offer","price":"50","priceCurrency":"\u20ac","url":"https:\/\/rcbp.org\/?tribe_events=jueves-6-noviembre-2025-conferencia-bruno-ryff-exconsul-de-suiza","category":"primary","availability":"inStock","validFrom":"1970-01-01T00:00:00+00:00"},"performer":"Organization"}}