{"id":7026,"global_id":"rcbp.org?id=7026","global_id_lineage":["rcbp.org?id=7026"],"author":"1","status":"publish","date":"2023-10-15 13:48:51","date_utc":"2023-10-15 11:48:51","modified":"2023-10-15 14:11:06","modified_utc":"2023-10-15 12:11:06","url":"https:\/\/rcbp.org\/?tribe_events=jueves-9-noviembre-2023-visita-oficial-del-gobernador-2023-24","rest_url":"https:\/\/rcbp.org\/index.php?rest_route=\/tribe\/events\/v1\/events\/7026","title":"Jueves 9 noviembre 2023 Visita oficial del gobernador 2023\/24","description":"<p>El pr\u00f3ximo d\u00eda 9 de noviembre tendremos el honor de recibir la visita oficial del gobernador 2023\/24, Ra\u00fal Font-Quer, del RC Tarragona. Le acompa\u00f1ar\u00e1 el delegado del gobernador, Mehdi Alaoui.<\/p>","excerpt":"","slug":"jueves-9-noviembre-2023-visita-oficial-del-gobernador-2023-24","image":{"url":"https:\/\/rcbp.org\/wp-content\/uploads\/2023\/10\/Raul-Font-Quer.jpg","id":7027,"extension":"jpg","width":750,"height":499,"filesize":169315,"sizes":{"medium":{"width":300,"height":200,"mime-type":"image\/jpeg","filesize":8295,"url":"https:\/\/rcbp.org\/wp-content\/uploads\/2023\/10\/Raul-Font-Quer-300x200.jpg"},"thumbnail":{"width":290,"height":290,"mime-type":"image\/jpeg","filesize":11330,"url":"https:\/\/rcbp.org\/wp-content\/uploads\/2023\/10\/Raul-Font-Quer-290x290.jpg"},"pearl-img-335-170":{"width":335,"height":170,"mime-type":"image\/jpeg","filesize":7310,"url":"https:\/\/rcbp.org\/wp-content\/uploads\/2023\/10\/Raul-Font-Quer-335x170.jpg"},"pearl-img-1000-1000":{"width":450,"height":450,"mime-type":"image\/jpeg","filesize":21524,"url":"https:\/\/rcbp.org\/wp-content\/uploads\/2023\/10\/Raul-Font-Quer-450x450.jpg"},"pearl-img-348-248":{"width":348,"height":248,"mime-type":"image\/jpeg","filesize":10958,"url":"https:\/\/rcbp.org\/wp-content\/uploads\/2023\/10\/Raul-Font-Quer-348x248.jpg"},"pearl-img-80-80":{"width":370,"height":450,"mime-type":"image\/jpeg","filesize":18651,"url":"https:\/\/rcbp.org\/wp-content\/uploads\/2023\/10\/Raul-Font-Quer-370x450.jpg"}}},"all_day":false,"start_date":"2023-11-09 14:00:00","start_date_details":{"year":"2023","month":"11","day":"09","hour":"14","minutes":"00","seconds":"00"},"end_date":"2023-11-09 16:00:00","end_date_details":{"year":"2023","month":"11","day":"09","hour":"16","minutes":"00","seconds":"00"},"utc_start_date":"2023-11-09 13:00:00","utc_start_date_details":{"year":"2023","month":"11","day":"09","hour":"13","minutes":"00","seconds":"00"},"utc_end_date":"2023-11-09 15:00:00","utc_end_date_details":{"year":"2023","month":"11","day":"09","hour":"15","minutes":"00","seconds":"00"},"timezone":"Europe\/Madrid","timezone_abbr":"CET","cost":"\u20ac40,00","cost_details":{"currency_symbol":"\u20ac","currency_code":"","currency_position":"prefix","values":["40.00"]},"website":"","show_map":true,"show_map_link":true,"hide_from_listings":false,"sticky":false,"featured":false,"categories":[{"name":"Conferencia externa","slug":"conferencia-externa","term_group":0,"term_taxonomy_id":61,"taxonomy":"tribe_events_cat","description":"","parent":0,"count":35,"filter":"raw","id":61,"urls":{"self":"https:\/\/rcbp.org\/index.php?rest_route=\/tribe\/events\/v1\/categories\/61","collection":"https:\/\/rcbp.org\/index.php?rest_route=\/tribe\/events\/v1\/categories"}}],"tags":[],"venue":{"id":6625,"author":"1","status":"publish","date":"2022-11-10 22:25:34","date_utc":"2022-11-10 21:25:34","modified":"2022-11-10 22:25:34","modified_utc":"2022-11-10 21:25:34","url":"https:\/\/rcbp.org\/?tribe_venue=restaurante-chalet-real-club-de-polo-2","venue":"Restaurante Chalet, Real Club de Polo","slug":"restaurante-chalet-real-club-de-polo-2","json_ld":{"@type":"Place","name":"Restaurante Chalet, Real Club de Polo","description":"","url":"","address":{"@type":"PostalAddress"},"telephone":"","sameAs":""},"show_map":true,"show_map_link":true,"global_id":"rcbp.org?id=6625","global_id_lineage":["rcbp.org?id=6625"]},"organizer":[{"id":6312,"author":"1","status":"publish","date":"2022-06-26 08:04:56","date_utc":"2022-06-26 06:04:56","modified":"2022-06-26 08:04:56","modified_utc":"2022-06-26 06:04:56","url":"https:\/\/rcbp.org\/?tribe_organizer=rotary-club-de-barcelona-pedralbes","organizer":"Rotary Club de Barcelona Pedralbes","slug":"rotary-club-de-barcelona-pedralbes","phone":"+34 639 32 73 27","website":"www.rcbp.org","email":"rotary_pedralbes@yahoo.es","json_ld":{"@type":"Person","name":"Rotary Club de Barcelona Pedralbes","description":"","url":"http:\/\/www.rcbp.org","telephone":"+34 639 32 73 27","email":"&#114;&#111;&#116;&#97;ry&#95;p&#101;&#100;&#114;&#97;&#108;&#98;e&#115;&#64;ya&#104;o&#111;&#46;&#101;s","sameAs":"http:\/\/www.rcbp.org"},"global_id":"rcbp.org?id=6312","global_id_lineage":["rcbp.org?id=6312"]}],"custom_fields":[],"json_ld":{"@context":"http:\/\/schema.org","@type":"Event","name":"Jueves 9 noviembre 2023 Visita oficial del gobernador 2023\/24","description":"&lt;p&gt;El pr\u00f3ximo d\u00eda 9 de noviembre tendremos el honor de recibir la visita oficial del gobernador 2023\/24, Ra\u00fal Font-Quer, del RC Tarragona. Le acompa\u00f1ar\u00e1 el delegado del gobernador, Mehdi Alaoui.&lt;\/p&gt;\\n","image":"https:\/\/rcbp.org\/wp-content\/uploads\/2023\/10\/Raul-Font-Quer.jpg","url":"https:\/\/rcbp.org\/?tribe_events=jueves-9-noviembre-2023-visita-oficial-del-gobernador-2023-24","eventAttendanceMode":"https:\/\/schema.org\/OfflineEventAttendanceMode","eventStatus":"https:\/\/schema.org\/EventScheduled","startDate":"2023-11-09T14:00:00+01:00","endDate":"2023-11-09T16:00:00+01:00","location":{"@type":"Place","name":"Restaurante Chalet, Real Club de Polo","description":"","url":"","address":{"@type":"PostalAddress"},"telephone":"","sameAs":""},"organizer":{"@type":"Person","name":"Rotary Club de Barcelona Pedralbes","description":"","url":"http:\/\/www.rcbp.org","telephone":"+34 639 32 73 27","email":"&#114;&#111;ta&#114;&#121;_p&#101;dra&#108;&#98;es&#64;y&#97;h&#111;&#111;.&#101;s","sameAs":"http:\/\/www.rcbp.org"},"offers":{"@type":"Offer","price":"40,00","priceCurrency":"EUR","url":"https:\/\/rcbp.org\/?tribe_events=jueves-9-noviembre-2023-visita-oficial-del-gobernador-2023-24","category":"primary","availability":"inStock","validFrom":"1970-01-01T00:00:00+00:00"},"performer":"Organization"}}